{"id":1398,"date":"2024-10-03T13:33:30","date_gmt":"2024-10-03T11:33:30","guid":{"rendered":"https:\/\/villafernandes.it\/?post_type=press&#038;p=1398"},"modified":"2024-10-03T13:33:30","modified_gmt":"2024-10-03T11:33:30","slug":"i-finanziamenti-di-cultura-crea","status":"publish","type":"press","link":"https:\/\/villafernandes.it\/en\/press\/i-finanziamenti-di-cultura-crea\/","title":{"rendered":"The funding of \u201cCulture Creates\u201d"},"content":{"rendered":"<nav class=\"navbar fixed-top navbar-expand-lg navbar-dark bg-primary animate\">\n<div class=\"container heading-container m-0 m-auto\">\n<div id=\"bs4navbar\" class=\"collapse navbar-collapse\">\n<p>Dal passato pi\u00f9 prossimo, che l\u2019ha vista diventare un fortino della camorra, al futuro meno remoto, che la vede ora trasformarsi in un presidio di legalit\u00e0, <a href=\"https:\/\/www.facebook.com\/VillaFernandesPortici\/videos\/316537682706574\">Villa Fernandes<\/a>\u00a0riapre i battenti, invitando la cittadinanza a partecipare a una serie di eventi dedicati alla formazione, ai libri e al teatro. Nel rispetto delle disposizioni di sicurezza anticontagio, gli incontri si terranno fino a luned\u00ec 29 giugno nell\u2019area esterna del complesso. Sono iniziati ieri pomeriggio, venerd\u00ec 19 giugno, nel nome de \u201c<strong>La Cultura: un\u2019opportunit\u00e0 di sviluppo economico e sociale per il territorio<\/strong>\u201c.<\/p>\n<\/div>\n<\/div>\n<\/nav>\n<p>Attorno al bene confiscato c\u2019\u00e8 un progetto di rete che ha una visione su cui i cittadini sono chiamati a riflettere: il recupero di un bene confiscato crea valore aggiunto se, oltre a puntare sul patrimonio artistico, storico e architettonico, riesce a farsi industria culturale attraverso lo sviluppo di opportunit\u00e0 concrete di lavoro e sostenibilit\u00e0. Da qui passa una delle occasioni di riscatto che Portici ha dinanzi a s\u00e9. Il progetto di Villa Fernandes ha alla base la ricostruzione di legami sani tra persone, che sappiano creare una comunit\u00e0, all\u2019interno della quale si pu\u00f2 pensare di sviluppare l\u2019economia del territorio grazie ad attivit\u00e0 di formazione e innovazione, le quali favoriscono nuove attivit\u00e0 d\u2019impresa, sociale e non. E\u2019 questo il fine dell\u2019hub creativo finanziato da\u00a0<strong>Invitalia<\/strong>, agenzia del\u00a0<strong>Ministero dell\u2019Economia<\/strong>, secondo la presentazione di\u00a0<strong>Antonio Capece<\/strong>, capo-progetto di Villa Fernandes, al cui interno, oltre ad aree dedicate a corsi ed eventi per cittadini e associazioni, sorgeranno anche un ente di formazione professionale, un\u2019agenzia per il lavoro, un Informagiovani, uno sportello per l\u2019Europa e un altro promosso dall\u2019Unione Italiana Ciechi. Inizieranno a breve quindici tirocini formativi retribuiti grazie ai fondi erogati dalla sopra menzionata agenzia nazionale per l\u2019erogazione degli investimenti e lo sviluppo dell\u2019impresa. A\u00a0<strong>Vittorio Fresa<\/strong>, suo responsabile della Service Unit all\u2019interno di \u201c<strong>Cultura Crea<\/strong>\u201c, programma dell\u2019agenzia finalizzato a creare e sviluppare iniziative imprenditoriali nell\u2019industria culturale\u2013turistica e no profit nel Sud Italia, \u00e8 toccato l\u2019onere di introdurre alcuni degli strumenti che lo Stato mette a disposizione dei cittadini. Nello specifico, sono tre le sottomisure che mirano all\u2019attuazione del Pon Fesr \u201c<strong>Cultura e Sviluppo\u201d 2014-2020<\/strong>\u201d per l\u2019attivazione dei potenziali territoriali in Campania, oltre che in Calabria, Basilicata, Puglia e Sicilia. La prima \u00e8 denominata \u201c<strong>Creazione di nuove imprese nell\u2019industria culturale<\/strong>\u201d e da incentivi alla cosiddetta<strong>\u00a0new-co<\/strong>, cio\u00e8 a un\u2019<strong>attivit\u00e0 reata da meno di 36 mesi o non ancora costituita<\/strong>, purch\u00e9 le persone che vogliano costituirsi impresa lo facciano formalmente entro 30 giorni dalla comunicazione di ammissione alle agevolazioni. E\u2019 finanziata con contributi che possono arrivare\u00a0<strong>fino a 400 mila euro<\/strong>\u00a0di investimenti e costi di gestione, purch\u00e9 questi ultimi non superino il 20% del totale erogato. La copertura \u00e8 pari all\u201980% dei costi, raggiunge il 90% se l\u2019impresa \u00e8 formata per lo pi\u00f9 da giovani sotto i 36 anni e-o donne. In entrambi i casi, una met\u00e0 \u00e8 a fondo perduto, l\u2019altra \u00e8 a interessi zero. La seconda sottomisura \u00e8 denominata \u201c<strong>Sviluppo delle imprese dell\u2019industria culturale<\/strong>\u201d e da incentivi all\u2019<strong>impresa consolidata<\/strong>, anche sotto forma di cooperativa, purch\u00e9 sia una\u00a0<strong>realt\u00e0 che opera da pi\u00f9 di 36 mesi<\/strong>\u00a0al momento della presentazione della domanda, che pu\u00f2 essere fatta solo da comuni che lavorino sugli attrattori. Si erogano fino a 500 mila euro di contributi, pari all\u201980% dei costi totali, di cui il 20% legato a spese di gestione per personale qualificato, interno o esterno. Nel caso di attivit\u00e0 formate in prevalenza da giovani che abbiano meno di 36 anni e-o donne, la quota coperta dai finanziamenti sale al 90%, come sopra. Oltre ai beni materiali e immateriali, si possono erogare fondi anche a progetti che operino nel settore turistico, escluso dalla prima sottomisura di \u201cCultura Crea\u201d, di cui l\u2019ultima \u00e8 denominata \u201c<strong>Sostegno ai soggetti del terzo settore dell\u2019industria culturale<\/strong>\u201c. Elargisce incentivi all\u2019<strong>impresa sociale<\/strong>, incluse le onlus, ovvero a quelle realt\u00e0 che Fresa definisce \u201c<em>un modello di sviluppo italiano, che possiamo insegnare al mondo e all\u2019Europa<\/em>\u201c, perch\u00e9 \u201c<em>espressione della resistenza, pi\u00f9 che dalla resilienza, delle comunit\u00e0 locali<\/em>\u201c. Queste ultime hanno saputo conservare e dare valore a tesori culturali, che sarebbero potuti andare persi, nonostante siano testimonianza delle origini di tanti paesi e delle radici dell\u2019intero Paese. Si tratta di programmi di investimento fino a 400 mila euro, senza costi di gestione, ma sempre volti alla copertura dell\u201980% o del 90% del totale.<\/p>\n<p>Tre testimonianze hanno dato concretezza all\u2019evidente valenza degli strumenti proposti da quel corpo poliedrico che \u00e8 Invitalia, di cui \u201cCultura Crea\u201d \u00e8 solo una delle facce. La progettualit\u00e0 promettente di Villa Fernandes e quella messa in atto, da tempo, da\u00a0<strong>Paolo Vassallo<\/strong>\u00a0con la \u201c<strong>Autism Aid Onlus<\/strong>\u201c, da\u00a0<strong>Viviana Rizzuto<\/strong>\u00a0con la cooperativa di comunit\u00e0 \u201c<strong>Identit\u00e0 e Bellezza<\/strong>\u201d con sede a Sciacca e da\u00a0<strong>Eugenio Gervasio<\/strong>\u00a0del \u201c<strong>Museo dell\u2019Arte, del Vino e della Vite<\/strong>\u201c, sia da stimolo a quanti, in piena pandemia, hanno avanzato proposte per avere incentivi e a quanti ne chiederanno, contribuendo a far fiorire l\u2019industria culturale nella culla del Mediterraneo.<\/p>","protected":false},"excerpt":{"rendered":"<p>Dal passato pi\u00f9 prossimo, che l\u2019ha vista diventare un fortino della camorra, al futuro meno remoto, che la vede ora trasformarsi in un presidio di legalit\u00e0, Villa Fernandes\u00a0riapre i battenti, [&hellip;]<\/p>","protected":false},"featured_media":1399,"template":"","meta":{"_acf_changed":false,"footnotes":""},"class_list":["post-1398","press","type-press","status-publish","has-post-thumbnail","hentry"],"acf":[],"_links":{"self":[{"href":"https:\/\/villafernandes.it\/en\/wp-json\/wp\/v2\/press\/1398"}],"collection":[{"href":"https:\/\/villafernandes.it\/en\/wp-json\/wp\/v2\/press"}],"about":[{"href":"https:\/\/villafernandes.it\/en\/wp-json\/wp\/v2\/types\/press"}],"version-history":[{"count":1,"href":"https:\/\/villafernandes.it\/en\/wp-json\/wp\/v2\/press\/1398\/revisions"}],"predecessor-version":[{"id":1400,"href":"https:\/\/villafernandes.it\/en\/wp-json\/wp\/v2\/press\/1398\/revisions\/1400"}],"wp:featuredmedia":[{"embeddable":true,"href":"https:\/\/villafernandes.it\/en\/wp-json\/wp\/v2\/media\/1399"}],"wp:attachment":[{"href":"https:\/\/villafernandes.it\/en\/wp-json\/wp\/v2\/media?parent=1398"}],"curies":[{"name":"wp","href":"https:\/\/api.w.org\/{rel}","templated":true}]}}