{"id":1392,"date":"2024-10-03T13:29:11","date_gmt":"2024-10-03T11:29:11","guid":{"rendered":"https:\/\/villafernandes.it\/?post_type=press&#038;p=1392"},"modified":"2024-10-03T13:29:38","modified_gmt":"2024-10-03T11:29:38","slug":"a-villa-fernandes-debutta-il-nuovo-romanzo-di-a-benforte","status":"publish","type":"press","link":"https:\/\/villafernandes.it\/en\/press\/a-villa-fernandes-debutta-il-nuovo-romanzo-di-a-benforte\/","title":{"rendered":"\u201cVilla Fernandes\u201d the debut of the new novel by A. Benforte"},"content":{"rendered":"<p>Secondo appuntamento per la rassegna \u201cLib(e)ri al parco\u201d, tra le attivit\u00e0 culturali in corso nel bene confiscato \u201cVilla Fernandes\u201d (via Diaz 144, Portici \u2013 NA), realizzata in collaborazione con la Mondadori Point di Portici.<\/p>\n<p>Luned\u00ec 6 luglio alle ore 18, ospite del giardino dell\u2019hub creativo nato grazie ad una rete di associazioni e cooperative guidate dalla coop. sociale ONLUS \u201cSeme di Pace\u201d \u2013 sar\u00e0 lo scrittore e giornalista\u00a0Antonio Benforte\u00a0e il suo romanzo\u00a0Lo spazio tra le cose, che indaga sui problemi di coppia e i timori di creare una famiglia nell\u2019era moderna. Il libro \u00e8 pubblicato da Scrittura &amp; Scritture, casa editrice indipendente delle sorelle Chantal ed Eliana Corrado.<\/p>\n<p>A conversare con l\u2019Autore, Ileana Bonadies, ideatrice del ciclo di incontri dedicato alla lettura, e Antonella Renzullo.<\/p>\n<p>Ingresso libero fino ad esaurimento posti.<\/p>\n<p>LO SPAZIO TRA LE COSE\u00a0 \u2013\u00a0Antonio Benforte \u2013 Scrittura &amp; Scritture ed. pag160 \u2013 \u20ac14,00<\/p>\n<p>Paolo ha appena tolto l\u2019ultimo quadro dalla parete del suo bilocale. Sotto, ci scorge una crepa di cui non sapeva: quando si \u00e8 creata? Nello stesso momento in cui si \u00e8 incrinata la sua vita coniugale? Perch\u00e9 non se ne \u00e8 accorto prima? Le scatole sono ammonticchiate l\u00ec, vicino alla porta, alcune ancora piatte rastrellate in giro un po\u2019 alla volta in previsione del trasloco verso una casa pi\u00f9 spaziosa. Altre scatole, invece, sono gi\u00e0 piene, impilate in ordine, lo stesso ordine maniacale con cui Paolo tiene sistemati tutti i suoi vecchi dischi, colonne sonore della sua giovinezza, della sua e di quella di Marta. Marta\u2026 dov\u2019\u00e8 ora? Lo ha lasciato solo ad affrontare un trasloco di cose e di cose-ricordi.<\/p>\n<p>Ed ecco che in quella casa oramai quasi vuota e forse troppo stretta, ogni scatola assume un valore, ogni oggetto innesca un ricordo. A ogni canzone che Paolo fa andare sul giradischi \u2013 ultimo baluardo a campeggiare ancora al centro del salone \u2013 scorre nella sua mente la metaforica ricerca di una libert\u00e0 che, per paradosso, rinsaldi il legame con la moglie, che chiuda quella crepa nel muro vuoto e apra la porta della sua nuova vita.<\/p>\n<p>Li riconosciamo gli anni migliori delle nostre vite, quando li viviamo?<\/p>\n<p>Antonio Benforte\u00a0\u00e8 nato a Napoli nel 1983. Ha trascorso gran parte della vita circondato dalle parole: nei giornali di carta, in quelli online, nei libri, in radio, tv, in numerose redazioni, dal 2005 a oggi. Lavora nel settore della comunicazione e dal 2016 \u00e8 social media manager del Parco Archeologico di Pompei. Nel 2013 con Marianna Sansone ha fondato l\u2019associazione culturale Econote, legata al magazine online che dal 2008 si occupa di ecologia e sostenibilit\u00e0. Nel 2014 ha fatto il giro del mondo con il progetto 30annozero. Ha scritto due ebook: 30annozero. Il giro del mondo per investire su se stessi e Mollo tutto e cambio vita? e nel 2017 il romanzo La ragazza della fontana (Scrittura &amp; Scritture)<\/p>","protected":false},"excerpt":{"rendered":"<p>Secondo appuntamento per la rassegna \u201cLib(e)ri al parco\u201d, tra le attivit\u00e0 culturali in corso nel bene confiscato \u201cVilla Fernandes\u201d (via Diaz 144, Portici \u2013 NA), realizzata in collaborazione con la [&hellip;]<\/p>","protected":false},"featured_media":1393,"template":"","meta":{"_acf_changed":false,"footnotes":""},"class_list":["post-1392","press","type-press","status-publish","has-post-thumbnail","hentry"],"acf":[],"_links":{"self":[{"href":"https:\/\/villafernandes.it\/en\/wp-json\/wp\/v2\/press\/1392"}],"collection":[{"href":"https:\/\/villafernandes.it\/en\/wp-json\/wp\/v2\/press"}],"about":[{"href":"https:\/\/villafernandes.it\/en\/wp-json\/wp\/v2\/types\/press"}],"version-history":[{"count":1,"href":"https:\/\/villafernandes.it\/en\/wp-json\/wp\/v2\/press\/1392\/revisions"}],"predecessor-version":[{"id":1394,"href":"https:\/\/villafernandes.it\/en\/wp-json\/wp\/v2\/press\/1392\/revisions\/1394"}],"wp:featuredmedia":[{"embeddable":true,"href":"https:\/\/villafernandes.it\/en\/wp-json\/wp\/v2\/media\/1393"}],"wp:attachment":[{"href":"https:\/\/villafernandes.it\/en\/wp-json\/wp\/v2\/media?parent=1392"}],"curies":[{"name":"wp","href":"https:\/\/api.w.org\/{rel}","templated":true}]}}